{"provider_url": "https://www.coari.am.leg.br", "title": "Hist\u00f3ria da C\u00e2mara Municipal", "html": "<p>Aqui! Em breve, texto sobre a Hist\u00f3ria da C\u00e2mara Municipal de Coari.</p>\r\n<p>\u00a0</p>\r\n<p style=\"text-align: center; \"><img src=\"https://www.coari.am.leg.br/imagens/Fotosd67.jpg/@@images/87ae0a2c-d053-407a-93d7-498c1b53dc6a.jpeg\" alt=\"\" class=\"image-inline\" title=\"\" /></p>\r\n<p style=\"text-align: center; \">Imagem da Antiga C\u00e2mara Municipal de Coari</p>\r\n<p>\u00a0</p>\r\n<p style=\"text-align: center; \"><img src=\"https://www.coari.am.leg.br/imagens/copy_of_pm.jpg/@@images/cbfd32da-0183-470e-8a84-2a4d2de146f1.jpeg\" alt=\"Imagem Atal 2019\" class=\"image-inline\" title=\"\" /></p>\r\n<p style=\"text-align: center; \">Imagem da Atual C\u00e2mara Municipal de Coari</p>\r\n<p style=\"text-align: center; \">\u00a0</p>\r\n<h3 style=\"text-align: center; \"><a title=\"\" href=\"https://www.coari.am.leg.br/institucional/fotos\" class=\"internal-link\" target=\"_self\">MAIS FOTOS AQUI!</a></h3>", "author_name": "Interlegis", "version": "1.0", "author_url": "https://www.coari.am.leg.br/author/Interlegis", "provider_name": "C\u00e2mara Municipal de Coari", "type": "rich"}