{"provider_url": "https://www.coari.am.leg.br", "title": "SESS\u00c3O ORDIN\u00c1RIA DE 23 DE JUNHO", "html": "<p>A reuni\u00e3o foi dividida em duas partes. A primeira foi reservada \u00e0 discuss\u00e3o referentes \u00e0 Lei de Diretrizes Or\u00e7ament\u00e1rias e contou com a presen\u00e7a do Secret\u00e1rio Municipal de Finan\u00e7as, Diego Guimar\u00e3es, convidado para esclarecer algumas d\u00favidas dos vereadores.</p>\r\n<p>\u201cEm decorr\u00eancia da situa\u00e7\u00e3o em que Coari e o mundo vivem, passamos por um momento delicado. Esta \u00e9 uma oportunidade para tirar qualquer d\u00favida, verificar algum questionamento a respeito dos demonstrativos que est\u00e3o a\u00ed expostos, relacionados diretamente \u00e0s finan\u00e7as p\u00fablicas, \u00e0s metas fiscais, \u00e0s prioridades da administra\u00e7\u00e3o municipal e \u00e0s diretrizes que nortear\u00e3o\u201d, afirmou Diego Guimar\u00e3es. Desta forma, o Projeto de Lei n\u00ba 04 de 15 de abril de 2020, de autoria do Poder Executivo Municipal, que disp\u00f5e sobre as Diretrizes para elabora\u00e7\u00e3o da Lei Or\u00e7ament\u00e1ria para o exerc\u00edcio de 2021, foi devidamente discutido em tr\u00eas sess\u00f5es e aprovado na \u00faltima parte desta sess\u00e3o ordin\u00e1ria.</p>\r\n<p>Na segunda parte da reuni\u00e3o, os vereadores puderam discutir, votar projetos e fazer pronunciamentos.</p>\r\n<p>O primeiro a se pronunciar foi o vereador Francisco Edilson \u201cBacana\u201d (PL), referindo-se ao Projeto de Lei n\u00ba 006/2020, que disp\u00f5e sobre a Guarda Civil Municipal de Coari, que dever\u00e1 ser votado na sess\u00e3o do dia 24/06. \u00a0\u201c\u00c9 um motivo de muita alegria pra mim e nossos colegas parlamentares fazer parte deste momento hist\u00f3rico at\u00e9 no Amazonas, pois Coari, no Estado, ser\u00e1 a \u00fanica Guarda Civil armada. Gostaria de parabenizar a Gest\u00e3o do Prefeito Adail Filho, que vem trabalhando com muito planejamento, para que o Projeto n\u00e3o tivesse nenhum problema ao chegar nesta Casa para ser votado. Eu tenho muito orgulho de fazer parte da base aliada do Governo, pois o Prefeito vem trabalhando com muito compromisso com toda a popula\u00e7\u00e3o coariense\u201d, afirmou o vereador \u201cBacana\u201d (PL).</p>\r\n<p>Os vereadores aprovaram por unanimidade o Projeto de Legisla\u00e7\u00e3o n\u00ba 002/2020, que suspende o recesso parlamentar do meio do ano em curso. A Mesa Diretora se preocupou em propor esta medida porque a C\u00e2mara teve suas atividades normais prejudicadas desde o dia 06 de fevereiro, devido \u00e0s restri\u00e7\u00f5es exigidas frente \u00e0 Pandemia do Novo Coronav\u00edrus.</p>", "author_name": "elzira", "version": "1.0", "author_url": "https://www.coari.am.leg.br/author/elzira", "provider_name": "C\u00e2mara Municipal de Coari", "type": "rich"}