{
    "claims": [
        {
            "area": "administracao", 
            "captcha": "", 
            "cpf": "19269854272", 
            "creation_date": "2022-06-07T12:30:00-03:00", 
            "description": "Preciso de um contato telef\u00f4nico do Vereador Mario Jorge para resolver a situa\u00e7\u00e3o de um autom\u00f3vel  que vendemos para ele e o mesmo nunca passou pro nome dele. Porem as cobran\u00e7as de IPVA est\u00e3o chegando e ele nem se interessa de resolver. Por gentileza me informe o numero do celular dele e do gabinete.", 
            "kind": "solicitaassapso", 
            "modification_date": "2022-06-07T12:30:00-03:00", 
            "responses": [], 
            "review_state": "pending", 
            "rg": "5872251", 
            "title": "solicita contato telefonico do vereador Mario Jorge", 
            "uri": "https://www.coari.am.leg.br/ouvidoria/20220607123000"
        }, 
        {
            "area": "assessoria-legislativa-e-juridica", 
            "captcha": "", 
            "cpf": "04810311111", 
            "creation_date": "2023-02-21T11:13:42-02:00", 
            "description": "Prezados Senhores\r\nCom os devidos e cordiais cumprimentos, venho por meio deste solicitar acesso a Lei Municipal 12/73\r\n\r\nGrato.", 
            "kind": "solicitaassapso", 
            "modification_date": "2023-02-21T11:13:42-02:00", 
            "responses": [], 
            "review_state": "pending", 
            "rg": "2271540", 
            "title": "LEI MUNICIPAL 12/73", 
            "uri": "https://www.coari.am.leg.br/ouvidoria/20230221111342"
        }, 
        {
            "area": "assessoria-legislativa-e-juridica", 
            "captcha": "", 
            "cpf": "041280512-09", 
            "creation_date": "2023-05-04T18:01:59-03:00", 
            "description": "Coari \u00e9 um munic\u00edpio localizado no estado do Amazonas, na Regi\u00e3o Norte do Brasil. \u00c9 considerado um importante polo comercial e econ\u00f4mico da regi\u00e3o, devido \u00e0 sua localiza\u00e7\u00e3o privilegiada \u00e0s margens do rio Solim\u00f5es.\r\n\r\n\u00c9 importante lembrar os impunes casos de corrup\u00e7\u00e3o, um problema grave que afeta n\u00e3o apenas a economia, mas tamb\u00e9m a qualidade de vida das pessoas, a confian\u00e7a nas institui\u00e7\u00f5es e a justi\u00e7a social. \u00c9 dever das autoridades e da sociedade em geral trabalhar para prevenir e combater a corrup\u00e7\u00e3o em todas as suas formas.\r\nExistem registros de esc\u00e2ndalos envolvendo pol\u00edticos e autoridades em Coari. Um dos casos mais conhecidos foi o \"Esc\u00e2ndalo da Petrobras\", em que o ex-prefeito da cidade, Adail Pinheiro, foi acusado de liderar uma rede de explora\u00e7\u00e3o sexual de menores de idade e de desviar dinheiro da Petrobras, entre outros crimes.\r\nO \"Esc\u00e2ndalo da Petrobras\", que tamb\u00e9m ficou conhecido como \"M\u00e1fia de Coari\", foi um caso de corrup\u00e7\u00e3o e explora\u00e7\u00e3o sexual de menores de idade que ocorreu na cidade de Coari, no estado do Amazonas, entre os anos de 2005 e 2014.\r\n\r\nO ex-prefeito de Coari, Adail Pinheiro, foi acusado de liderar uma organiza\u00e7\u00e3o criminosa que desviou recursos da Petrobras e da prefeitura da cidade para financiar a explora\u00e7\u00e3o sexual de meninas menores de idade. A investiga\u00e7\u00e3o revelou que Adail mantinha um esquema de prostitui\u00e7\u00e3o infantil em sua casa, conhecida como \"Casa de Toler\u00e2ncia\", onde as meninas mantidas em c\u00e1rcere privado eram obrigadas a prestar servi\u00e7os sexuais em troca de dinheiro.\r\n\r\nO caso teve grande repercuss\u00e3o nacional e internacional e resultou na pris\u00e3o de Adail Pinheiro e de v\u00e1rios outros envolvidos no esquema. Adail foi condenado a mais de 40 anos de pris\u00e3o pelos crimes de explora\u00e7\u00e3o sexual de menores, corrup\u00e7\u00e3o, lavagem de dinheiro e organiza\u00e7\u00e3o criminosa.\r\n\r\nO esc\u00e2ndalo abalou a confian\u00e7a de Coari e da Petrobras, que era uma das principais fontes de recursos da cidade. Al\u00e9m disso, o caso evidenciado a gravidade da explora\u00e7\u00e3o sexual de menores de idade no Brasil e a impunidade de muitos casos.\r\nNo tocante, venho a me posicionar contra a injusti\u00e7a, a aliena\u00e7\u00e3o do povo e os ve\u00edculos de comunica\u00e7\u00e3o que usam manobras para induzir a popula\u00e7\u00e3o.\r\nComo cidad\u00e3o, analiso os passos dos poderes executivo, legislativo e judici\u00e1rio, por\u00e9m nessa cidade o significado desses poderes \u00e9 f\u00fatil, corrupto e desprez\u00edvel. Tempos dif\u00edceis geram pessoas fortes, vi minhas origens sofrer \u00e0s margens do rio Solim\u00f5es, esquecidos, desprezado e violado os seus direitos, procurado apenas em tempos \"tenebrosos\" de pol\u00edtica, e logo ap\u00f3s esquecidos.\r\nAs pol\u00edticas p\u00fablicas s\u00e3o inoperantes, n\u00e3o garante da popula\u00e7\u00e3o cuidar, sa\u00fade e educa\u00e7\u00e3o \u00e9 prec\u00e1ria, e da cultura nem se fala.\r\nPe\u00e7o \"um pingo\" de respeito a esse povo trabalhador que mant\u00e9m a cidade funcionando e necessitam de um legislador honrado, um judici\u00e1rio justo, e iniciativas que o beneficiem, sem corrup\u00e7\u00e3o ou esc\u00e2ndalos, apenas melhoria.\r\n\r\n(Um ind\u00edgena, cr\u00edtico, estudante)", 
            "kind": "reclamaassapso", 
            "modification_date": "2023-05-04T18:01:59-03:00", 
            "responses": [], 
            "review_state": "pending", 
            "rg": "3732605-8", 
            "title": "Rep\u00fadio, desconfian\u00e7a das autoridades e justi\u00e7a social.", 
            "uri": "https://www.coari.am.leg.br/ouvidoria/20230504180159"
        }, 
        {
            "area": "administracao", 
            "captcha": "", 
            "cpf": "041280512-09", 
            "creation_date": "2023-05-04T18:26:39-03:00", 
            "description": "Senhores, aqui vai uma sugest\u00e3o.\r\nDesenvolver a economia de uma cidade localizada no meio da Floresta Amaz\u00f4nica pode ser um desafio, mas h\u00e1 algumas estrat\u00e9gias que podem ser consideradas para impulsionar o crescimento econ\u00f4mico da regi\u00e3o. Algumas dessas estrat\u00e9gias incluem:\r\n\r\nExplorar as potencialidades locais: A cidade pode explorar os recursos naturais dispon\u00edveis na regi\u00e3o, como a extra\u00e7\u00e3o de madeira, a produ\u00e7\u00e3o de borracha, o turismo ecol\u00f3gico e a pesca. Essas atividades podem gerar empregos e renda para a popula\u00e7\u00e3o local.(A falta do incetivo \u00e0 pequenos empreendedores nessas \u00e1reas atrasa o desenvolvimento econ\u00f4mico coariense, falta muita coisa ainda).\r\n\r\nInvestir em infraestrutura: Uma boa infraestrutura \u00e9 fundamental para o desenvolvimento econ\u00f4mico de qualquer regi\u00e3o. A cidade pode investir em estradas, pontes, portos, aeroportos e outras obras que facilitem o transporte de pessoas e mercadorias e aumentem a conectividade da regi\u00e3o com outras \u00e1reas do pa\u00eds e do mundo.(Coari \u00e9 rica, os governantes que n\u00e3o sabem lidar com isso).\r\n\r\nIncentivar a cria\u00e7\u00e3o de novos neg\u00f3cios: A cidade pode oferecer incentivos fiscais e financeiros para a cria\u00e7\u00e3o de novas empresas na regi\u00e3o, al\u00e9m de fornecer suporte t\u00e9cnico e financeiro para o desenvolvimento de projetos empresariais.\r\n\r\nFomentar a educa\u00e7\u00e3o e a capacita\u00e7\u00e3o: Uma popula\u00e7\u00e3o educada e capacitada \u00e9 fundamental para o desenvolvimento econ\u00f4mico. A cidade pode investir na forma\u00e7\u00e3o de m\u00e3o de obra qualificada e na cria\u00e7\u00e3o de programas de capacita\u00e7\u00e3o e treinamento para a popula\u00e7\u00e3o.\r\n\r\nPromover parcerias e coopera\u00e7\u00e3o: A cidade pode buscar parcerias com outras cidades, empresas e institui\u00e7\u00f5es para impulsionar o desenvolvimento econ\u00f4mico da regi\u00e3o. A coopera\u00e7\u00e3o pode incluir a troca de conhecimentos, a realiza\u00e7\u00e3o de projetos conjuntos e a busca por recursos financeiros.\r\n\r\nEssas s\u00e3o algumas estrat\u00e9gias que podem ser consideradas para o desenvolvimento econ\u00f4mico de uma cidade localizada no meio da Floresta Amaz\u00f4nica. \u00c9 importante lembrar que pra funcionar de forma certinha, \u00e9 fundamental estudar e entender as potencialidades e limita\u00e7\u00f5es locais para definir as melhores estrat\u00e9gias de desenvolvimento.\r\n\r\n\"Quem n\u00e3o \u00e9 visto, n\u00e3o \u00e9 lembrado; a hist\u00f3ria est\u00e1 se escrevendo, quem vai ser o protagonista?\"", 
            "kind": "sugestapso", 
            "modification_date": "2023-05-04T18:26:39-03:00", 
            "responses": [], 
            "review_state": "pending", 
            "rg": "3732605-8", 
            "title": "Melhorar o potencial econ\u00f4mico coariense.", 
            "uri": "https://www.coari.am.leg.br/ouvidoria/20230504182639"
        }, 
        {
            "area": "administracao", 
            "captcha": "", 
            "cpf": "041280512-09", 
            "creation_date": "2023-05-04T18:47:52-03:00", 
            "description": "O mercado de Coari, assim como em outras cidades do interior da Amaz\u00f4nia, pode apresentar desafios e oportunidades \u00fanicas. Aqui est\u00e3o algumas tend\u00eancias que podem impactar o mercado local:\r\n\r\nCrescimento da economia sustent\u00e1vel: A Amaz\u00f4nia \u00e9 uma regi\u00e3o rica em recursos naturais e, por isso, o mercado coariense pode se beneficiar com o crescimento da economia sustent\u00e1vel. H\u00e1 uma tend\u00eancia crescente para o desenvolvimento de atividades econ\u00f4micas que preservem o meio ambiente e valorizem a cultura local, como turismo ecol\u00f3gico, extrativismo sustent\u00e1vel, produ\u00e7\u00e3o org\u00e2nica, entre outros.\r\n\r\nTransforma\u00e7\u00e3o digital: A transforma\u00e7\u00e3o digital \u00e9 uma tend\u00eancia global e n\u00e3o \u00e9 diferente em Coari. As empresas locais podem se beneficiar com a ado\u00e7\u00e3o de tecnologias digitais para melhorar a produtividade, reduzir custos e expandir a atua\u00e7\u00e3o no mercado.\r\n\r\nCrescimento do setor de servi\u00e7os: O setor de servi\u00e7os, como com\u00e9rcio, hospedagem, alimenta\u00e7\u00e3o e transporte, pode ter um papel importante na economia local. O crescimento do turismo e a demanda por servi\u00e7os de qualidade podem impulsionar esse setor.\r\n\r\nInvestimentos em infraestrutura: A melhoria da infraestrutura, como estradas, portos, aeroportos e telecomunica\u00e7\u00f5es, pode estimular o desenvolvimento econ\u00f4mico de Coari. Esses investimentos podem melhorar a log\u00edstica e a competitividade do mercado local.\r\n\r\nValoriza\u00e7\u00e3o da cultura local: A cultura amaz\u00f4nica \u00e9 rica em tradi\u00e7\u00f5es, costumes e hist\u00f3rias \u00fanicas. A valoriza\u00e7\u00e3o desses aspectos pode criar oportunidades para o turismo e o com\u00e9rcio de produtos regionais, como artesanato, alimentos t\u00edpicos, entre outros.\r\n\r\nEssas s\u00e3o algumas tend\u00eancias que podem impactar o mercado coariense. No entanto, \u00e9 importante lembrar que cada neg\u00f3cio \u00e9 \u00fanico e deve ser avaliado individualmente para identificar oportunidades espec\u00edficas.\r\n\r\nEnvio sugest\u00f5es como uma forma de ajudar, j\u00e1 que o governo atual da cidade n\u00e3o sai da mesmice, e o que entrar vai se como um monarquia (entre fam\u00edlia).\r\nEm nome do povo digo: QUEREMOS POL\u00cdTICAS P\u00daBLICAS.", 
            "kind": "sugestapso", 
            "modification_date": "2023-05-04T18:47:52-03:00", 
            "responses": [], 
            "review_state": "pending", 
            "rg": "3732605-8", 
            "title": "Dicas de tend\u00eancias de crescimento em coari", 
            "uri": "https://www.coari.am.leg.br/ouvidoria/20230504184752"
        }, 
        {
            "area": "administracao", 
            "captcha": "", 
            "cpf": "21567221882", 
            "creation_date": "2023-04-25T12:28:11-03:00", 
            "description": "Of\u00edcio CS n\u00ba: 01/2023\r\nAo Presidente da C\u00e2mara Municipal de Coari -  \r\nRef:. Informa\u00e7\u00f5es sobre realiza\u00e7\u00e3o est\u00e1gio da Sra. Cleidianne Souza do Nascimento\r\n\r\n\t\tUNIVERSIDADE PAULISTA, pessoa jur\u00eddica de direito privado localizada na sede do Polo Coari apraz cumprimentar Vossa Excel\u00eancia para desta feita encaminhar-lhe solicita\u00e7\u00e3o de emiss\u00e3o de certid\u00e3o ou declara\u00e7\u00e3o sobre o Est\u00e1gio realizado pela Sra. Cleidianne Souza do Nascimento nesta Edilidade no per\u00edodo de 26/09/2018 a 07/12/2018.\r\n\t\tCabe esclarecer e informar que a presente solicita\u00e7\u00e3o visa respaldar e verificar a veracidade da realiza\u00e7\u00e3o do Estagio Curricular; bem como as declara\u00e7\u00f5es prestadas pela estudante em seu Trabalho de Conclus\u00e3o de Curso.\r\n\t\tSendo assim, solicito constar do of\u00edcio os seguintes pontos:\r\n1. Qual a dura\u00e7\u00e3o do Estagio realizado?\r\n2. Quem foi o respons\u00e1vel pela orienta\u00e7\u00e3o do Estagio na C\u00e2mara Municipal de Coari?\r\n3. Quais as atividades realizadas pela Estagi\u00e1ria Cleidianne Souza do Nascimento durante todo o per\u00edodo de estagio?\r\n\t3.1 Em quais departamentos/n\u00facleos realizou seu est\u00e1gio?\r\n\t3.2 O est\u00e1gio foi remunerado? Em caso afirmativo qual o valor \thora/mensal? \r\n\t3.3 A estagi\u00e1ria realizava registro de ponto durante o curso do Est\u00e1gio? Em caso afirmativo, solicitamos a juntada a esta certid\u00e3o dos mesmos.\r\n\r\n\r\n\r\nResta-nos, finalmente, reiterar os agradecimentos e sendo s\u00f3 o que nos faz apresentar neste momento, subscrevemo-nos com apre\u00e7o e considera\u00e7\u00e3o.\r\nPe\u00e7o, se poss\u00edvel, agilidade com a resposta pois estamos no meio de um sindic\u00e2ncia de apura\u00e7\u00e3o de fatos.\r\n\r\n\r\nCordialmente,\r\n\r\n\r\nProf.\u00aa Roberta Matarazzo\r\nProfessora Assistente Diretoria ICSC \r\nCoordenadora Geral Artes Visuais\r\nUNIP Universidade Paulista", 
            "kind": "pedido-de-acesso-a-informaassapso", 
            "modification_date": "2023-04-25T12:28:11-03:00", 
            "responses": [], 
            "review_state": "pending", 
            "rg": "303821607", 
            "title": "Campo de est\u00e1gio", 
            "uri": "https://www.coari.am.leg.br/ouvidoria/20230425122811"
        }, 
        {
            "area": "assessoria-legislativa-e-juridica", 
            "captcha": "", 
            "cpf": "05119980902", 
            "creation_date": "2022-08-17T16:42:17-03:00", 
            "description": "Gostaria de saber como posso acessar a Lei Municipal n\u00famero 12/73.", 
            "kind": "solicitaassapso", 
            "modification_date": "2022-08-17T16:42:17-03:00", 
            "responses": [], 
            "review_state": "pending", 
            "rg": "99781041", 
            "title": "Lei Municipal 12/73", 
            "uri": "https://www.coari.am.leg.br/ouvidoria/20220817164217"
        }, 
        {
            "area": "assessoria-legislativa-e-juridica", 
            "captcha": "", 
            "cpf": "07489479908", 
            "creation_date": "2022-08-31T10:01:50-03:00", 
            "description": "Prezados, bom dia!\r\nPoderiam, por gentileza, disponibilizar a Lei Municipal n\u00b0 12/73, de 30 de dezembro de 1973?\r\nDesde j\u00e1, agrade\u00e7o.", 
            "kind": "solicitaassapso", 
            "modification_date": "2022-08-31T10:01:50-03:00", 
            "responses": [], 
            "review_state": "pending", 
            "rg": "108837683", 
            "title": "Solicita\u00e7\u00e3o de Legisla\u00e7\u00e3o", 
            "uri": "https://www.coari.am.leg.br/ouvidoria/20220831100150"
        }, 
        {
            "area": "assessoria-legislativa-e-juridica", 
            "captcha": "", 
            "cpf": "05056255556", 
            "creation_date": "2022-10-10T12:34:42-03:00", 
            "description": "Por gentileza,\r\n\r\nGostaria de solicitar disponibiliza\u00e7\u00e3o da \u00edntegra atualizada da Lei Municipal n\u00ba 12/73.\r\n\r\nObrigado!", 
            "kind": "solicitaassapso", 
            "modification_date": "2022-10-10T12:34:42-03:00", 
            "responses": [], 
            "review_state": "pending", 
            "rg": "490036351", 
            "title": "Acesso Lei Municipal n\u00ba 12/73", 
            "uri": "https://www.coari.am.leg.br/ouvidoria/20221010123442"
        }, 
        {
            "area": "secretaria-legislativa", 
            "captcha": "", 
            "cpf": "73250201634", 
            "creation_date": "2021-02-03T12:58:36-04:00", 
            "description": "Bom dia, estou enviando duas propostas para os vereadores desta casa, sendo uma de Ouvidoria informatizada que lhe dar\u00e1 todo suporte, al\u00e9m de oferecer mais informa\u00e7\u00f5es sobre tudo que diz respeito a ouvidoria. Agora \u00e9 lei, 13.460 de 2017, e  vimos que a C\u00e2mara Municipal desta cidade n\u00e3o possui, e a outra \u00e9 de Painel de Vota\u00e7\u00e3o, todas as duas propostas dispensam licita\u00e7\u00f5es.\r\n Att. Silas - Escal Tecnologia - L&C Consultoria - 31.37798550 - 31.983483776.\r\n ( Pe\u00e7o que se voc\u00eas j\u00e1 obt\u00e9m os itens acima, olhem os nossos valores e garantimos ainda que temos mais recursos do que muitos j\u00e1 oferecidos no mercado).\r\nO nosso painel de vota\u00e7\u00e3o oferece aos nossos parlamentares o conforto de poderem participar das suas reuni\u00f5es e fazer as suas vota\u00e7\u00f5es em casa, quando necess\u00e1rio. \r\nOBS: O envio das propostas ser\u00e3o feito pelo e-mail da C\u00e2mara e tamb\u00e9m para os e-mails dos vereadores quando temos os mesmos dispon\u00edveis no site da C\u00e2mara.\r\nPara mais informa\u00e7\u00f5es envie-nos um e-mail, ou entre em contato pelo telefone: 31.37798550, ou para:\r\nJuninho@escal.com.br\t\r\nJuliano@escal.com.br\r\nfinanceiro@lecassessoria.com.br", 
            "kind": "sugestapso", 
            "modification_date": "2021-02-03T12:58:36-04:00", 
            "responses": [], 
            "review_state": "pending", 
            "rg": "M3862487", 
            "title": "Proposta para os vereadores", 
            "uri": "https://www.coari.am.leg.br/ouvidoria/20210203125836"
        }, 
        {
            "area": "administracao", 
            "captcha": "", 
            "cpf": "11122233380", 
            "creation_date": "2021-02-12T14:10:02-04:00", 
            "description": "Teste de ouvidoria", 
            "kind": "denaoncia", 
            "modification_date": "2021-02-12T14:10:02-04:00", 
            "responses": [], 
            "review_state": "pending", 
            "rg": "5555555555", 
            "title": "Teste", 
            "uri": "https://www.coari.am.leg.br/ouvidoria/20210212141002"
        }, 
        {
            "area": "administracao", 
            "captcha": "", 
            "cpf": "031.596.327-17", 
            "creation_date": "2021-06-03T14:06:34-04:00", 
            "description": "Boa tarde, sou advogado e estou buscando informa\u00e7\u00f5es para ingress\u00e3r em A\u00c7\u00c3O DE ALIMENTOS em favor de ABILA MAYANE COSTA DA CRUZ e MEYK KAUE COSTA DA CRUZ, menores, representados por sua genitora, a Sra. LAR\u00cdCIA ALMEIDA DA COSTA. Os menores s\u00e3o filhos de MAIK DUTRA DA CRUZ e consta que esse \u00e9 assessor da Vereadora Jeane Pinheiro, gostaria informa\u00e7\u00f5es quanto ao vinculo de trabalho, cargo e remunera\u00e7\u00e3o.\r\nAtencisomente.\r\nELIAS DE OLIVEIRA NILO\r\nOAB-AM N\u00ba 12.630", 
            "kind": "pedido-de-acesso-a-informaassapso", 
            "modification_date": "2021-06-03T14:06:34-04:00", 
            "responses": [], 
            "review_state": "pending", 
            "rg": "12.630", 
            "title": "existencia de v\u00ednculo de trablho", 
            "uri": "https://www.coari.am.leg.br/ouvidoria/20210603140634"
        }, 
        {
            "area": "administracao", 
            "captcha": "", 
            "cpf": "00000000000000", 
            "creation_date": "2023-01-20T12:02:26-02:00", 
            "description": "Bom dia, \r\nDe ordem da Dra. Ana Beatriz Lobo Moutinho Breval, Secret\u00e1ria Executiva de Articula\u00e7\u00e3o Institucional da Casa Civil, solicito a gentileza de confirmar / informar as altera\u00e7\u00f5es na composi\u00e7\u00e3o dos membros do Poder Legislativo de Coari, para atualizarmos o banco de dados da Governadoria (segue tabela abaixo, com as informa\u00e7\u00f5es do nosso banco de dados).\r\nAtenciosamente, Jennifer Pereira - Assessora da Casa Civil.\r\nTelefone: (092) 3303-8489 / (092) 99533-2214.\r\ne-mail seai.interior@casacivil.am.gov.br", 
            "kind": "solicitaassapso", 
            "modification_date": "2023-01-20T12:02:26-02:00", 
            "responses": [], 
            "review_state": "pending", 
            "rg": "0000000000000000", 
            "title": "informa\u00e7\u00f5es", 
            "uri": "https://www.coari.am.leg.br/ouvidoria/20230120120226"
        }, 
        {
            "area": "assessoria-legislativa-e-juridica", 
            "captcha": "", 
            "cpf": "03969955602", 
            "creation_date": "2021-12-01T15:46:46-02:00", 
            "description": "Prezados, boa tarde!\r\n\r\nPodem, por favor, me informar se CTN  ou a Lei de ISS disponiveis no site est\u00e3o atualizados?", 
            "kind": "daovida", 
            "modification_date": "2021-12-01T15:46:46-02:00", 
            "responses": [], 
            "review_state": "pending", 
            "rg": "287792667", 
            "title": "C\u00f3digo Tribut\u00e1rio Municipal ou a Lei que trata do ISS (Imposto sobre Servi\u00e7os)", 
            "uri": "https://www.coari.am.leg.br/ouvidoria/20211201154646"
        }, 
        {
            "area": "administracao", 
            "captcha": "", 
            "cpf": "21567221882", 
            "creation_date": "2023-05-24T12:03:59-03:00", 
            "description": "Prezados, bom dia.\r\n\r\nEstou no aguardo as informa\u00e7\u00f5es solicitadas atrav\u00e9s do protocolo 20230425122811.", 
            "kind": "pedido-de-acesso-a-informaassapso", 
            "modification_date": "2023-05-24T12:03:59-03:00", 
            "responses": [], 
            "review_state": "pending", 
            "rg": "303821607", 
            "title": "Reitero o pedido 20230425122811", 
            "uri": "https://www.coari.am.leg.br/ouvidoria/20230524120359"
        }, 
        {
            "area": "assessoria-legislativa-e-juridica", 
            "captcha": "", 
            "cpf": "041280512-09", 
            "creation_date": "2023-06-15T17:21:27-03:00", 
            "description": "\"Investiga\u00e7\u00f5es e den\u00fancias revelaram, ao longo das \u00faltimas d\u00e9cadas, casos graves de corrup\u00e7\u00e3o em fases distintas da constru\u00e7\u00e3o de grandes obras de infraestrutura na Amaz\u00f4nia, do planejamento \u00e0 sua implementa\u00e7\u00e3o. Essas revela\u00e7\u00f5es abalaram a confian\u00e7a da popula\u00e7\u00e3o, pois revelaram um cen\u00e1rio alarmante de desvio de recursos p\u00fablicos e destrui\u00e7\u00e3o socioambiental.\r\n\r\nAs obras de infraestrutura, inicialmente concebidas como meios de impulsionar o desenvolvimento econ\u00f4mico e social da regi\u00e3o, tornaram-se palco de esquemas corruptos que minaram seus prop\u00f3sitos iniciais. O aumento dos custos, muitas vezes injustific\u00e1vel, prejudicou o or\u00e7amento p\u00fablico e limitou os investimentos em \u00e1reas essenciais, como sa\u00fade, educa\u00e7\u00e3o e seguran\u00e7a. Al\u00e9m disso, os impactos socioambientais resultantes dessas obras foram exacerbados, deixando cicatrizes irrevers\u00edveis na Amaz\u00f4nia.\r\n\r\nOs efeitos nefastos da corrup\u00e7\u00e3o na regi\u00e3o s\u00e3o sentidos de v\u00e1rias formas. A degrada\u00e7\u00e3o ambiental causada pela falta de fiscaliza\u00e7\u00e3o e pela busca incessante por lucros a curto prazo resultou na devasta\u00e7\u00e3o de ecossistemas fr\u00e1geis e na perda de biodiversidade. Al\u00e9m disso, comunidades ind\u00edgenas e tradicionais, que dependem dessas terras para sua subsist\u00eancia e cultura, foram afetadas negativamente, sofrendo deslocamentos for\u00e7ados e marginaliza\u00e7\u00e3o.\r\n\r\nDiante desse panorama sombrio, \u00e9 crucial buscar solu\u00e7\u00f5es que abordem a corrup\u00e7\u00e3o de maneira efetiva. A experi\u00eancia do passado e a realidade atual nos ensinam que a transpar\u00eancia e a integridade s\u00e3o pilares fundamentais para combater a corrup\u00e7\u00e3o e proteger a Amaz\u00f4nia de danos socioambientais.\r\n\r\nPara tanto, \u00e9 preciso estabelecer mecanismos de controle mais rigorosos, desde o planejamento at\u00e9 a execu\u00e7\u00e3o das obras. A participa\u00e7\u00e3o ativa da sociedade civil e das comunidades locais, atrav\u00e9s de consultas p\u00fablicas e do fortalecimento de seus direitos, \u00e9 fundamental para evitar decis\u00f5es arbitr\u00e1rias e garantir a preserva\u00e7\u00e3o dos interesses coletivos.\r\n\r\nAl\u00e9m disso, \u00e9 necess\u00e1rio promover uma cultura de transpar\u00eancia, onde todas as etapas dos projetos de infraestrutura sejam amplamente divulgadas e acompanhadas de perto pela sociedade. A disponibiliza\u00e7\u00e3o de informa\u00e7\u00f5es claras e acess\u00edveis sobre os investimentos, gastos e impactos socioambientais \u00e9 essencial para garantir a presta\u00e7\u00e3o de contas e evitar desvios de recursos.\r\n\r\nOutra medida importante \u00e9 o fortalecimento dos \u00f3rg\u00e3os de controle e fiscaliza\u00e7\u00e3o, capacitando-os e garantindo sua independ\u00eancia para investigar e punir casos de corrup\u00e7\u00e3o. A coopera\u00e7\u00e3o entre institui\u00e7\u00f5es governamentais, organiza\u00e7\u00f5es n\u00e3o governamentais e \u00f3rg\u00e3os internacionais tamb\u00e9m desempenha um papel crucial na preven\u00e7\u00e3o e no combate \u00e0 corrup\u00e7\u00e3o na Amaz\u00f4nia.\r\n\r\nCom base nas li\u00e7\u00f5es do passado e na urg\u00eancia do presente deve-se ter a\u00e7\u00f5es fortes do poder jur\u00eddico e legislativo com propostas concretas delineadas, visando \u00e0 constru\u00e7\u00e3o de um ambiente de transpar\u00eancia e integridade capaz de mitigar as pr\u00e1ticas corruptas e proteger a riqueza socioambiental da regi\u00e3o. Somente por meio de esfor\u00e7os conjuntos e compromisso inabal\u00e1vel ser\u00e1 poss\u00edvel superar esse desafio e trilhar um caminho de desenvolvimento sustent\u00e1vel e justo para a Amaz\u00f4nia e suas comunidades.\"\r\n\r\nUm nativo ind\u00edgena.", 
            "kind": "sugestapso", 
            "modification_date": "2023-06-15T17:21:27-03:00", 
            "responses": [], 
            "review_state": "pending", 
            "rg": "3732605-8", 
            "title": "Carrapato.", 
            "uri": "https://www.coari.am.leg.br/ouvidoria/20230615172127"
        }, 
        {
            "area": "administracao", 
            "captcha": "", 
            "cpf": "041280512-09", 
            "creation_date": "2023-06-17T00:36:52-03:00", 
            "description": "Franklin Fraz\u00e3o.\r\nNazar\u00e9 Pinheiro, Avenida Brasil, N\u00b0 8.\r\nCOARI, Amazonas.\r\n16 de junho de 2023.\r\n\r\nAdministra\u00e7\u00e3o.\r\nSecretaria de Desenvolvimento social.\r\n\r\nCOARI, Amazonas.\r\n\r\nAssunto: Pedido de repara\u00e7\u00e3o no valor da bolsa de est\u00e1gio\r\n\r\nPrezado(a) Administra\u00e7\u00e3o,\r\n\r\nEspero que esta carta o encontre bem.\r\nMeu nome \u00e9 Franklin Fraz\u00e3o e atualmente sou estagi\u00e1rio(a) do Programa Capacita Coari, desempenhando minhas atividades na cidade de Coari, Estado do Amazonas. Gostaria de aproveitar esta oportunidade para expressar minha gratid\u00e3o pela oportunidade de aprendizado e crescimento que o programa de est\u00e1gio tem proporcionado.\r\n\r\nNo entanto, gostaria de abordar uma quest\u00e3o importante relacionada \u00e0 remunera\u00e7\u00e3o oferecida aos estagi\u00e1rios. Conforme estabelecido no programa, atualmente recebemos uma bolsa de est\u00e1gio no valor de R$250,00 mensais. Por meio desta carta, gostaria de solicitar uma repara\u00e7\u00e3o no valor da bolsa para R$300,00 mensais, com base nos seguintes argumentos justific\u00e1veis:\r\n\r\n1. Descri\u00e7\u00e3o das responsabilidades e tarefas: Ao longo do meu per\u00edodo de est\u00e1gio, tenho desempenhado tarefas e responsabilidades que exigem um n\u00edvel consider\u00e1vel de habilidades e dedica\u00e7\u00e3o. Estas atividades incluem a\u00e7\u00f5es de responsabilidades e alto desempenho, as quais s\u00e3o equivalentes \u00e0s realizadas pelos funcion\u00e1rios efetivos dos setores da pr\u00f3pria prefeitura.\r\n\r\n2. Contribui\u00e7\u00e3o para os resultados da prefeitura: Como estagi\u00e1rio(a), tenho me esfor\u00e7ado para contribuir positivamente para os objetivos e metas da Secretaria de Cultura . Meu trabalho diligente e comprometido tem gerado impacto direto nas atividades e nos resultados alcan\u00e7ados. Acredito que minha contribui\u00e7\u00e3o merit\u00f3ria justifica uma remunera\u00e7\u00e3o mais adequada.\r\n\r\n3. Necessidades b\u00e1sicas e despesas di\u00e1rias: O valor atual da bolsa de est\u00e1gio n\u00e3o atende adequadamente \u00e0s necessidades b\u00e1sicas e despesas di\u00e1rias que enfrentamos como estagi\u00e1rios. Com o aumento para R$300,00 mensais, poderemos lidar de forma mais adequada com nossos custos de transporte, alimenta\u00e7\u00e3o e outras despesas essenciais, o que, por sua vez, contribuir\u00e1 para o nosso bem-estar e engajamento no trabalho.\r\n\r\n4. Equidade e justi\u00e7a salarial: Observamos que, em compara\u00e7\u00e3o com outras oportunidades de est\u00e1gio e levando em considera\u00e7\u00e3o as atribui\u00e7\u00f5es e responsabilidades desempenhadas, a bolsa de est\u00e1gio atualmente oferecida pelo CAPACITA COARI est\u00e1 abaixo da m\u00e9dia. Buscamos, portanto, uma remunera\u00e7\u00e3o mais justa e equitativa, condizente com o trabalho realizado.\r\n\r\nAcredito firmemente que o aumento da bolsa de est\u00e1gio para R$300,00 mensais seria uma medida justa e apropriada, alinhada com as circunst\u00e2ncias descritas acima. Isso n\u00e3o apenas reconheceria nosso esfor\u00e7o e dedica\u00e7\u00e3o, mas tamb\u00e9m nos motivaria a continuar contribuindo positivamente para o crescimento e sucesso das Secretarias da Prefeitura de Coari que conta com meus caros colegas desempenhando suas fun\u00e7\u00f5es com muito engajamento no trabalho.\r\n\r\nAgrade\u00e7o antecipadamente sua aten\u00e7\u00e3o e considera\u00e7\u00e3o.Espero que possamos encontrar uma solu\u00e7\u00e3o mutuamente satisfat\u00f3ria.\r\n\r\nAtenciosamente,\r\n\r\nFranklin Fraz\u00e3o.\r\nNativo ind\u00edgena (TIKUNA)", 
            "kind": "elogio", 
            "modification_date": "2023-06-17T00:36:52-03:00", 
            "responses": [], 
            "review_state": "pending", 
            "rg": "3732605-8", 
            "title": "Programa de Transfer\u00eancia de renda.", 
            "uri": "https://www.coari.am.leg.br/ouvidoria/20230617003652"
        }, 
        {
            "area": "administracao", 
            "captcha": "", 
            "cpf": "041280512-09", 
            "creation_date": "2023-06-17T00:43:35-03:00", 
            "description": "Franklin Fraz\u00e3o.\r\nNazar\u00e9 Pinheiro, Avenida Brasil, N\u00b0 8.\r\nCOARI, Amazonas.\r\n16 de junho de 2023.\r\n\r\nAdministra\u00e7\u00e3o.\r\nSecretaria de Desenvolvimento social.\r\n\r\nCOARI, Amazonas.\r\n\r\nAssunto: Pedido de repara\u00e7\u00e3o no valor da bolsa de est\u00e1gio\r\n\r\nPrezado(a) Administra\u00e7\u00e3o,\r\n\r\nEspero que esta carta o encontre bem.\r\nMeu nome \u00e9 Franklin Fraz\u00e3o e atualmente sou estagi\u00e1rio(a) do Programa Capacita Coari, desempenhando minhas atividades na cidade de Coari, Estado do Amazonas. Gostaria de aproveitar esta oportunidade para expressar minha gratid\u00e3o pela oportunidade de aprendizado e crescimento que o programa de est\u00e1gio tem proporcionado.\r\n\r\nNo entanto, gostaria de abordar uma quest\u00e3o importante relacionada \u00e0 remunera\u00e7\u00e3o oferecida aos estagi\u00e1rios. Conforme estabelecido no programa, atualmente recebemos uma bolsa de est\u00e1gio no valor de R$250,00 mensais. Por meio desta carta, gostaria de solicitar uma repara\u00e7\u00e3o no valor da bolsa para R$300,00 mensais, com base nos seguintes argumentos justific\u00e1veis:\r\n\r\n1. Descri\u00e7\u00e3o das responsabilidades e tarefas: Ao longo do meu per\u00edodo de est\u00e1gio, tenho desempenhado tarefas e responsabilidades que exigem um n\u00edvel consider\u00e1vel de habilidades e dedica\u00e7\u00e3o. Estas atividades incluem a\u00e7\u00f5es de responsabilidades e alto desempenho, as quais s\u00e3o equivalentes \u00e0s realizadas pelos funcion\u00e1rios efetivos dos setores da pr\u00f3pria prefeitura.\r\n\r\n2. Contribui\u00e7\u00e3o para os resultados da prefeitura: Como estagi\u00e1rio(a), tenho me esfor\u00e7ado para contribuir positivamente para os objetivos e metas da Secretaria de Cultura . Meu trabalho diligente e comprometido tem gerado impacto direto nas atividades e nos resultados alcan\u00e7ados. Acredito que minha contribui\u00e7\u00e3o merit\u00f3ria justifica uma remunera\u00e7\u00e3o mais adequada.\r\n\r\n3. Necessidades b\u00e1sicas e despesas di\u00e1rias: O valor atual da bolsa de est\u00e1gio n\u00e3o atende adequadamente \u00e0s necessidades b\u00e1sicas e despesas di\u00e1rias que enfrentamos como estagi\u00e1rios. Com o aumento para R$300,00 mensais, poderemos lidar de forma mais adequada com nossos custos de transporte, alimenta\u00e7\u00e3o e outras despesas essenciais, o que, por sua vez, contribuir\u00e1 para o nosso bem-estar e engajamento no trabalho.\r\n\r\n4. Equidade e justi\u00e7a salarial: Observamos que, em compara\u00e7\u00e3o com outras oportunidades de est\u00e1gio e levando em considera\u00e7\u00e3o as atribui\u00e7\u00f5es e responsabilidades desempenhadas, a bolsa de est\u00e1gio atualmente oferecida pelo CAPACITA COARI est\u00e1 abaixo da m\u00e9dia. Buscamos, portanto, uma remunera\u00e7\u00e3o mais justa e equitativa, condizente com o trabalho realizado.\r\n\r\nAcredito firmemente que o aumento da bolsa de est\u00e1gio para R$300,00 mensais seria uma medida justa e apropriada, alinhada com as circunst\u00e2ncias descritas acima. Isso n\u00e3o apenas reconheceria nosso esfor\u00e7o e dedica\u00e7\u00e3o, mas tamb\u00e9m nos motivaria a continuar contribuindo positivamente para o crescimento e sucesso das Secretarias da Prefeitura de Coari que conta com meus caros colegas desempenhando suas fun\u00e7\u00f5es com muito engajamento no trabalho.\r\n\r\nAgrade\u00e7o antecipadamente sua aten\u00e7\u00e3o e considera\u00e7\u00e3o.Espero que possamos encontrar uma solu\u00e7\u00e3o mutuamente satisfat\u00f3ria.\r\n\r\nAtenciosamente,\r\n\r\nFranklin Fraz\u00e3o.\r\nNativo ind\u00edgena (TIKUNA)", 
            "kind": "elogio", 
            "modification_date": "2023-06-17T00:43:35-03:00", 
            "responses": [], 
            "review_state": "pending", 
            "rg": "3732605-8", 
            "title": "Programa de Transfer\u00eancia de renda.", 
            "uri": "https://www.coari.am.leg.br/ouvidoria/20230617004335"
        }
    ], 
    "ombudsoffices": []
}